{"id":638,"date":"2025-02-04T19:05:13","date_gmt":"2025-02-04T19:05:13","guid":{"rendered":"https:\/\/poljoprivrednica.hr\/?p=638"},"modified":"2025-02-04T19:10:50","modified_gmt":"2025-02-04T19:10:50","slug":"novi-intervju-samnom-za-publikaciju-irmo-aktualno-mladi-entuzijasti-pokrecu-lokalni-razvoj-u-hrvatskoj","status":"publish","type":"post","link":"https:\/\/poljoprivrednica.hr\/?p=638","title":{"rendered":"Novi intervju samnom za publikaciju IRMO aktualno &#8211; \u201cMLADI ENTUZIJASTI POKRE\u0106U LOKALNI RAZVOJ U HRVATSKOJ\u201d"},"content":{"rendered":"<p class=\"p3\"><span class=\"s2\">Dragi svi, <\/span><\/p>\n<p class=\"p3\"><span class=\"s2\">kao krunu svoga dugogodi\u0161njeg rada kao konzultanta za EU fondove imala sam veliku \u010dast biti intervjuirana za publikaciju \u201cIRMO aktualno\u201d, nakladnik: Institut za razvoj i me\u0111unarodne odnose, od strane dr. sc. Sanje Malekovi\u0107 pod naslovom \u201cMLADI ENTUZIJASTI POKRE\u0106U LOKALNI RAZVOJ U HRVATSKOJ\u201d <\/span><\/p>\n<p class=\"p3\"><span class=\"s2\">\u2757\ufe0f\u2757\ufe0f\u2757\ufe0fDonosim vam kratke isje\u010dke iz intervjua: <\/span><\/p>\n<p class=\"p3\"><span class=\"s2\">\u27a1\ufe0f \u201c\u2026Zahvaljuju\u0107i rezultatima svog djelovanja, istaknuta je kao jedna od 50 mladih osoba (konzultanata), najuspje\u0161nijih u povla\u010denju EU sredstavana razini EU, te je svrstana na sam vrh, me\u0111u tri \u201emlade nade\u201c, kao poduzetnik poljoprivrednik na razini RH slijedom kori\u0161tenja EU sredstava. \u2026\u201d <\/span><\/p>\n<p class=\"p3\"><span class=\"s2\">\u27a1\ufe0f \u201c\u2026 Ivanu mo\u017eemo smatrati u pravom smislu lokalnim akterom o kojima istaknuti znanstvenici iz podru\u010dja regionalnih znanosti govore od 80-tih godina pro\u0161log stolje\u0107a do danas u smislu inicijatora razvoja i pokreta\u010da razvojnih promjena u lokalnoj zajednici u kojoj djeluju. \u2026\u201d<\/span><\/p>\n<p class=\"p3\"><span class=\"s2\">\u2757\ufe0fa cijeli intervju pro\u010ditajte na sljede\u0107em linku\u27a1\ufe0f \u27a1\ufe0f\u00a0<a href=\"https:\/\/irmo.hr\/wp-content\/uploads\/2025\/02\/IRMO-aktualno-52.pdf\">https:\/\/irmo.hr\/wp-content\/uploads\/2025\/02\/IRMO-aktualno-52.pdf<\/a><\/span><\/p>\n<p class=\"p3\"><span class=\"s2\">\ud83d\ude4b\u200d\u2640\ufe0fLp <\/span><\/p>\n<p class=\"p3\"><span class=\"s2\">Ivana Pavi\u0107, mag. oec. \ud83d\udcde 095 373 60 88<\/span><\/p>\n","protected":false},"excerpt":{"rendered":"<p>Dragi svi, kao krunu svoga dugogodi\u0161njeg rada kao konzultanta za EU fondove imala sam veliku \u010dast biti intervjuirana za publikaciju \u201cIRMO aktualno\u201d, nakladnik: Institut za razvoj i me\u0111unarodne odnose, od strane dr. sc. Sanje Malekovi\u0107 pod naslovom \u201cMLADI ENTUZIJASTI POKRE\u0106U LOKALNI RAZVOJ U HRVATSKOJ\u201d \u2757\ufe0f\u2757\ufe0f\u2757\ufe0fDonosim vam kratke isje\u010dke iz intervjua: \u27a1\ufe0f \u201c\u2026Zahvaljuju\u0107i rezultatima svog djelovanja,&#8230;<\/p>\n","protected":false},"author":1,"featured_media":641,"comment_status":"open","ping_status":"open","sticky":false,"template":"","format":"standard","meta":{"jetpack_post_was_ever_published":false,"_jetpack_newsletter_access":"","_jetpack_newsletter_tier_id":0,"footnotes":""},"categories":[41],"tags":[],"class_list":["post-638","post","type-post","status-publish","format-standard","has-post-thumbnail","hentry","category-irmo-aktualno"],"jetpack_sharing_enabled":true,"jetpack_featured_media_url":"https:\/\/i0.wp.com\/poljoprivrednica.hr\/wp-content\/uploads\/2025\/02\/IMG_1633-scaled.jpeg?fit=2560%2C2560&ssl=1","jetpack-related-posts":[{"id":645,"url":"https:\/\/poljoprivrednica.hr\/?p=645","url_meta":{"origin":638,"position":0},"title":"Rural Caf\u00e9 \u2615\ufe0f","author":"admin","date":"12 velja\u010de, 2025","format":false,"excerpt":"Rural Caf\u00e9 \u2615\ufe0f Zanima te poljoprivreda ili si ve\u0107 poljoprivrednik i htio bi saznati vi\u0161e o mogu\u0107nostima dodatne zarade koje ti nudi (S)OPG? \u27a1\ufe0f Rezerviraj subotu ujutro 22.2.2025. i uz \u0161alicu kave saznaj sve o dodatnim mogu\u0107nostima zarade i financijski odr\u017eivom \u017eivotu na selu. \u0160to \u0107e\u0161 saznati? \u27a1\ufe0f \u0161to je\u2026","rel":"","context":"U &quot;Rural Caf\u00e9 \u2615\ufe0f&quot;","block_context":{"text":"Rural Caf\u00e9 \u2615\ufe0f","link":"https:\/\/poljoprivrednica.hr\/?cat=42"},"img":{"alt_text":"","src":"https:\/\/i0.wp.com\/poljoprivrednica.hr\/wp-content\/uploads\/2025\/02\/IMG_8371-scaled.jpeg?fit=648%2C1200&ssl=1&resize=350%2C200","width":350,"height":200,"srcset":"https:\/\/i0.wp.com\/poljoprivrednica.hr\/wp-content\/uploads\/2025\/02\/IMG_8371-scaled.jpeg?fit=648%2C1200&ssl=1&resize=350%2C200 1x, https:\/\/i0.wp.com\/poljoprivrednica.hr\/wp-content\/uploads\/2025\/02\/IMG_8371-scaled.jpeg?fit=648%2C1200&ssl=1&resize=525%2C300 1.5x"},"classes":[]},{"id":605,"url":"https:\/\/poljoprivrednica.hr\/?p=605","url_meta":{"origin":638,"position":1},"title":"10. Europski kongres mladih poljoprivrednika u Bruxellesu","author":"admin","date":"14 prosinca, 2024","format":false,"excerpt":"Imala sam \u010dast sudjelovati na 10. Europskom kongresu mladih poljoprivrednikaImala sam \u010dast sudjelovati na 10. Europskom kongresu mladih poljoprivrednika koji se odr\u017eao u srijedu, 11.12.2024 u Bruxellesu i to kao dio, prema njihovim rije\u010dima, \u201chrvatske reprezentacije mladih poljoprivrednika\u201d. Kongres je okupio politi\u010dare, stru\u010dnjake te mlade poljoprivrednike iz cijele Europe kako\u2026","rel":"","context":"U &quot;10. Europski kongres mladih poljoprivrednika u Bruxellesu&quot;","block_context":{"text":"10. Europski kongres mladih poljoprivrednika u Bruxellesu","link":"https:\/\/poljoprivrednica.hr\/?cat=39"},"img":{"alt_text":"","src":"https:\/\/i0.wp.com\/poljoprivrednica.hr\/wp-content\/uploads\/2024\/12\/unnamed-61-scaled.jpg?fit=1200%2C900&ssl=1&resize=350%2C200","width":350,"height":200,"srcset":"https:\/\/i0.wp.com\/poljoprivrednica.hr\/wp-content\/uploads\/2024\/12\/unnamed-61-scaled.jpg?fit=1200%2C900&ssl=1&resize=350%2C200 1x, https:\/\/i0.wp.com\/poljoprivrednica.hr\/wp-content\/uploads\/2024\/12\/unnamed-61-scaled.jpg?fit=1200%2C900&ssl=1&resize=525%2C300 1.5x, https:\/\/i0.wp.com\/poljoprivrednica.hr\/wp-content\/uploads\/2024\/12\/unnamed-61-scaled.jpg?fit=1200%2C900&ssl=1&resize=700%2C400 2x, https:\/\/i0.wp.com\/poljoprivrednica.hr\/wp-content\/uploads\/2024\/12\/unnamed-61-scaled.jpg?fit=1200%2C900&ssl=1&resize=1050%2C600 3x"},"classes":[]},{"id":509,"url":"https:\/\/poljoprivrednica.hr\/?p=509","url_meta":{"origin":638,"position":2},"title":"\ud83d\udce3\ud83d\udce3\ud83d\udce3Otvorili smo Centar za EU fondove i edukacije Rastoke \ud83d\udce3\ud83d\udce3\ud83d\udce3","author":"admin","date":"25 lipnja, 2024","format":false,"excerpt":"Ve\u0107ina poduzetnika ima ured \u010dim krene raditi, ali ja uvijek nekako naopako npr. imam konje, a jo\u0161 ne znam jahati\u2026valjda je to tako kada sam gradi\u0161 sve od temelje \ud83e\udd17 Nastavno na moj uspje\u0161an rad sa povla\u010denjem europskog novca napokon sam do\u0161la do faze da imam ured za savjetovanja kako\u2026","rel":"","context":"U &quot;Sve\u010dano otvorenje&quot;","block_context":{"text":"Sve\u010dano otvorenje","link":"https:\/\/poljoprivrednica.hr\/?cat=33"},"img":{"alt_text":"","src":"https:\/\/i0.wp.com\/poljoprivrednica.hr\/wp-content\/uploads\/2024\/06\/28773985-7c8c-4073-80d0-adc4b87ab0df-scaled.jpeg?fit=900%2C1200&ssl=1&resize=350%2C200","width":350,"height":200,"srcset":"https:\/\/i0.wp.com\/poljoprivrednica.hr\/wp-content\/uploads\/2024\/06\/28773985-7c8c-4073-80d0-adc4b87ab0df-scaled.jpeg?fit=900%2C1200&ssl=1&resize=350%2C200 1x, https:\/\/i0.wp.com\/poljoprivrednica.hr\/wp-content\/uploads\/2024\/06\/28773985-7c8c-4073-80d0-adc4b87ab0df-scaled.jpeg?fit=900%2C1200&ssl=1&resize=525%2C300 1.5x, https:\/\/i0.wp.com\/poljoprivrednica.hr\/wp-content\/uploads\/2024\/06\/28773985-7c8c-4073-80d0-adc4b87ab0df-scaled.jpeg?fit=900%2C1200&ssl=1&resize=700%2C400 2x"},"classes":[]},{"id":324,"url":"https:\/\/poljoprivrednica.hr\/?p=324","url_meta":{"origin":638,"position":3},"title":"EU FONDOVI RURALNI RAZVOJ &#8211; 73.14. Ulaganja \u2013 Razvoj poslovanja u ruralnim podru\u010djima","author":"admin","date":"15 o\u017eujka, 2024","format":false,"excerpt":"73.14. Ulaganja \u2013 Razvoj poslovanja u ruralnim podru\u010djima \u00a0 Visina potpore: od 10.000 EUR do 200.000 EUR Stopa sufinanciranja: Od 50% - 85% Ekonomska veli\u010dina: Minimalna: 6.000 EUR Prihvatljivi korisnici: Prihvatljivi korisnici su fizi\u010dke i pravne osobe upisane u Upisnik poljoprivrednika koji ve\u0107 imaju registriranu nepoljoprivrednu djelatnost. Uvjeti prihvatljivosti projekta:\u2026","rel":"","context":"U &quot;73.14. Ulaganja \u2013 Razvoj poslovanja u ruralnim podru\u010djima&quot;","block_context":{"text":"73.14. Ulaganja \u2013 Razvoj poslovanja u ruralnim podru\u010djima","link":"https:\/\/poljoprivrednica.hr\/?cat=23"},"img":{"alt_text":"","src":"https:\/\/i0.wp.com\/poljoprivrednica.hr\/wp-content\/uploads\/2024\/03\/IMG_4984-scaled.jpg?fit=1200%2C900&ssl=1&resize=350%2C200","width":350,"height":200,"srcset":"https:\/\/i0.wp.com\/poljoprivrednica.hr\/wp-content\/uploads\/2024\/03\/IMG_4984-scaled.jpg?fit=1200%2C900&ssl=1&resize=350%2C200 1x, https:\/\/i0.wp.com\/poljoprivrednica.hr\/wp-content\/uploads\/2024\/03\/IMG_4984-scaled.jpg?fit=1200%2C900&ssl=1&resize=525%2C300 1.5x, https:\/\/i0.wp.com\/poljoprivrednica.hr\/wp-content\/uploads\/2024\/03\/IMG_4984-scaled.jpg?fit=1200%2C900&ssl=1&resize=700%2C400 2x, https:\/\/i0.wp.com\/poljoprivrednica.hr\/wp-content\/uploads\/2024\/03\/IMG_4984-scaled.jpg?fit=1200%2C900&ssl=1&resize=1050%2C600 3x"},"classes":[]},{"id":238,"url":"https:\/\/poljoprivrednica.hr\/?p=238","url_meta":{"origin":638,"position":4},"title":"EU FONDOVI RURALNI RAZVOJ  75.01. Uspostava mladih poljoprivrednika","author":"admin","date":"3 o\u017eujka, 2024","format":false,"excerpt":"75.01. Uspostava mladih poljoprivrednika \u00a0 Visina potpore: 75.000 EUR Stopa sufinanciranja: 100% Ekonomska veli\u010dina: Minimalna: 10.000 EUR Maksimalna: 100.000 EUR Prihvatljivi korisnici: Mladi poljoprivrednik koji u trenutku podno\u0161enja zahtjeva za potporu ima vi\u0161e od 18, ali ne vi\u0161e od 40 godina, posjeduje stru\u010dna znanja i vje\u0161tine i upisan je u\u2026","rel":"","context":"U &quot;75.01. Uspostava mladih poljoprivrednika&quot;","block_context":{"text":"75.01. Uspostava mladih poljoprivrednika","link":"https:\/\/poljoprivrednica.hr\/?cat=16"},"img":{"alt_text":"","src":"https:\/\/i0.wp.com\/poljoprivrednica.hr\/wp-content\/uploads\/2024\/03\/image_123650291-5.jpg?fit=796%2C1056&ssl=1&resize=350%2C200","width":350,"height":200,"srcset":"https:\/\/i0.wp.com\/poljoprivrednica.hr\/wp-content\/uploads\/2024\/03\/image_123650291-5.jpg?fit=796%2C1056&ssl=1&resize=350%2C200 1x, https:\/\/i0.wp.com\/poljoprivrednica.hr\/wp-content\/uploads\/2024\/03\/image_123650291-5.jpg?fit=796%2C1056&ssl=1&resize=525%2C300 1.5x, https:\/\/i0.wp.com\/poljoprivrednica.hr\/wp-content\/uploads\/2024\/03\/image_123650291-5.jpg?fit=796%2C1056&ssl=1&resize=700%2C400 2x"},"classes":[]},{"id":405,"url":"https:\/\/poljoprivrednica.hr\/?p=405","url_meta":{"origin":638,"position":5},"title":"Zajam za obrtna sredstva &#8211; HAMAG-BICRO &#8211; kamata 0,50%","author":"admin","date":"12 travnja, 2024","format":false,"excerpt":"Zajam za obrtna sredstva - HAMAG-BICRO - kamata 0,50% Od 12. travnja 2024. godine u 12 sati zapo\u010delo je zaprimanje prijava za zajmove \u201eObrtna sredstva SP ZPP\u201c. Predmet zajma je financiranje obrtnih sredstava, odnosno financiranje tro\u0161kova redovnog poslovanja kao \u0161to su priprema sjetve, proizvodnje, sirovine i materijal, ostali proizvodni tro\u0161kovi.\u2026","rel":"","context":"U &quot;Zajam ruralni razvoj - HAMAG-BICRO&quot;","block_context":{"text":"Zajam ruralni razvoj - HAMAG-BICRO","link":"https:\/\/poljoprivrednica.hr\/?cat=21"},"img":{"alt_text":"","src":"https:\/\/i0.wp.com\/poljoprivrednica.hr\/wp-content\/uploads\/2024\/04\/IMG_5491-scaled.jpeg?fit=1200%2C900&ssl=1&resize=350%2C200","width":350,"height":200,"srcset":"https:\/\/i0.wp.com\/poljoprivrednica.hr\/wp-content\/uploads\/2024\/04\/IMG_5491-scaled.jpeg?fit=1200%2C900&ssl=1&resize=350%2C200 1x, https:\/\/i0.wp.com\/poljoprivrednica.hr\/wp-content\/uploads\/2024\/04\/IMG_5491-scaled.jpeg?fit=1200%2C900&ssl=1&resize=525%2C300 1.5x, https:\/\/i0.wp.com\/poljoprivrednica.hr\/wp-content\/uploads\/2024\/04\/IMG_5491-scaled.jpeg?fit=1200%2C900&ssl=1&resize=700%2C400 2x, https:\/\/i0.wp.com\/poljoprivrednica.hr\/wp-content\/uploads\/2024\/04\/IMG_5491-scaled.jpeg?fit=1200%2C900&ssl=1&resize=1050%2C600 3x"},"classes":[]}],"_links":{"self":[{"href":"https:\/\/poljoprivrednica.hr\/index.php?rest_route=\/wp\/v2\/posts\/638","targetHints":{"allow":["GET"]}}],"collection":[{"href":"https:\/\/poljoprivrednica.hr\/index.php?rest_route=\/wp\/v2\/posts"}],"about":[{"href":"https:\/\/poljoprivrednica.hr\/index.php?rest_route=\/wp\/v2\/types\/post"}],"author":[{"embeddable":true,"href":"https:\/\/poljoprivrednica.hr\/index.php?rest_route=\/wp\/v2\/users\/1"}],"replies":[{"embeddable":true,"href":"https:\/\/poljoprivrednica.hr\/index.php?rest_route=%2Fwp%2Fv2%2Fcomments&post=638"}],"version-history":[{"count":4,"href":"https:\/\/poljoprivrednica.hr\/index.php?rest_route=\/wp\/v2\/posts\/638\/revisions"}],"predecessor-version":[{"id":643,"href":"https:\/\/poljoprivrednica.hr\/index.php?rest_route=\/wp\/v2\/posts\/638\/revisions\/643"}],"wp:featuredmedia":[{"embeddable":true,"href":"https:\/\/poljoprivrednica.hr\/index.php?rest_route=\/wp\/v2\/media\/641"}],"wp:attachment":[{"href":"https:\/\/poljoprivrednica.hr\/index.php?rest_route=%2Fwp%2Fv2%2Fmedia&parent=638"}],"wp:term":[{"taxonomy":"category","embeddable":true,"href":"https:\/\/poljoprivrednica.hr\/index.php?rest_route=%2Fwp%2Fv2%2Fcategories&post=638"},{"taxonomy":"post_tag","embeddable":true,"href":"https:\/\/poljoprivrednica.hr\/index.php?rest_route=%2Fwp%2Fv2%2Ftags&post=638"}],"curies":[{"name":"wp","href":"https:\/\/api.w.org\/{rel}","templated":true}]}}