{"id":560,"date":"2024-09-27T12:12:14","date_gmt":"2024-09-27T12:12:14","guid":{"rendered":"https:\/\/poljoprivrednica.hr\/?p=560"},"modified":"2024-10-07T14:06:47","modified_gmt":"2024-10-07T14:06:47","slug":"560","status":"publish","type":"post","link":"https:\/\/poljoprivrednica.hr\/?p=560","title":{"rendered":"Radionica &#8211; Centar za poslijediplomske studije, Sveu\u010dili\u0161ni interdisciplinarni specijalisti\u010dki studij \u201ePriprema i provedba EU projekata\u201c"},"content":{"rendered":"<p>Zanima te svijet EU fondova i gdje sam se ja obrazovala da bi postala stru\u010dnjak za pripremu i provedbu EU projekata? Ima\u0161 odli\u010dnu priliku za saznati sve \u0161to te zanima i to ve\u0107 u ponedjeljak 30.9.2024. s po\u010detkom u 13.00h jer Centar za poslijediplomske studije, Sveu\u010dili\u0161ni interdisciplinarni specijalisti\u010dki studij \u201ePriprema i provedba EU projekata\u201c ima radionicu, a ja sam pozvana da budem jedan od panelista gdje \u010demu odgovarati na sva va\u0161a pitanja\u2026ono \u0161to je sigurno za\u0161to sam se ja odlu\u010dila na obrazovanje po pitanju EU fondova ba\u0161 kod njih je to da kada se obrazujem biram samo najbolje, a smatram da ne postoji bolje od Sveu\u010dli\u0161ta u Zagrebu, a jo\u0161 dodatno\u2026po zavr\u0161etku ovog studija dobije\u0161 za jednu stepenicu vi\u0161u titulu od \u201cmagistra\u201d. Mo\u017ee li bolje?? \ud83e\udd29 Sudjelovanje na radionici je besplatno, a za rezervaciju mjesta mi se mo\u017eete javiti na 0953736088 pa \u0107u vam poslati link za rezervaciju. Dodatno, kako me Centar za poslijediplomske studije dovodi u Zagreb, nakon ove radionice pdr\u017eat \u0107u svoju najtra\u017eeniji uslugu \u201cPriprema za EU fondove\u201d u Zagrebu. Broj mjesta na mojim pripremam je ograni\u010den a za rezervaciju i info o istima mo\u017eete nazavti tako\u0111er na 0953736088. Veselimo se dru\u017eenju i preno\u0161enju znanja sa vama \ud83e\udd29\ud83e\udd17<\/p>\n<p>Lp<\/p>\n<p>Ivana Pavi\u0107, univ. spec. stud. eur.<\/p>\n<p>+385 95 373 60 88<\/p>\n","protected":false},"excerpt":{"rendered":"<p>Zanima te svijet EU fondova i gdje sam se ja obrazovala da bi postala stru\u010dnjak za pripremu i provedbu EU projekata? Ima\u0161 odli\u010dnu priliku za saznati sve \u0161to te zanima i to ve\u0107 u ponedjeljak 30.9.2024. s po\u010detkom u 13.00h jer Centar za poslijediplomske studije, Sveu\u010dili\u0161ni interdisciplinarni specijalisti\u010dki studij \u201ePriprema i provedba EU projekata\u201c ima&#8230;<\/p>\n","protected":false},"author":1,"featured_media":566,"comment_status":"open","ping_status":"open","sticky":false,"template":"","format":"standard","meta":{"jetpack_post_was_ever_published":false,"_jetpack_newsletter_access":"","_jetpack_newsletter_tier_id":0,"footnotes":""},"categories":[35],"tags":[],"class_list":["post-560","post","type-post","status-publish","format-standard","has-post-thumbnail","hentry","category-radionica-sveuciliste-u-zagrebu"],"jetpack_sharing_enabled":true,"jetpack_featured_media_url":"https:\/\/i0.wp.com\/poljoprivrednica.hr\/wp-content\/uploads\/2024\/09\/4949956d-3479-43cb-bd03-5dc9e349140a.jpeg?fit=1600%2C1200&ssl=1","jetpack-related-posts":[{"id":509,"url":"https:\/\/poljoprivrednica.hr\/?p=509","url_meta":{"origin":560,"position":0},"title":"\ud83d\udce3\ud83d\udce3\ud83d\udce3Otvorili smo Centar za EU fondove i edukacije Rastoke \ud83d\udce3\ud83d\udce3\ud83d\udce3","author":"admin","date":"25 lipnja, 2024","format":false,"excerpt":"Ve\u0107ina poduzetnika ima ured \u010dim krene raditi, ali ja uvijek nekako naopako npr. imam konje, a jo\u0161 ne znam jahati\u2026valjda je to tako kada sam gradi\u0161 sve od temelje \ud83e\udd17 Nastavno na moj uspje\u0161an rad sa povla\u010denjem europskog novca napokon sam do\u0161la do faze da imam ured za savjetovanja kako\u2026","rel":"","context":"U &quot;Sve\u010dano otvorenje&quot;","block_context":{"text":"Sve\u010dano otvorenje","link":"https:\/\/poljoprivrednica.hr\/?cat=33"},"img":{"alt_text":"","src":"https:\/\/i0.wp.com\/poljoprivrednica.hr\/wp-content\/uploads\/2024\/06\/28773985-7c8c-4073-80d0-adc4b87ab0df-scaled.jpeg?fit=900%2C1200&ssl=1&resize=350%2C200","width":350,"height":200,"srcset":"https:\/\/i0.wp.com\/poljoprivrednica.hr\/wp-content\/uploads\/2024\/06\/28773985-7c8c-4073-80d0-adc4b87ab0df-scaled.jpeg?fit=900%2C1200&ssl=1&resize=350%2C200 1x, https:\/\/i0.wp.com\/poljoprivrednica.hr\/wp-content\/uploads\/2024\/06\/28773985-7c8c-4073-80d0-adc4b87ab0df-scaled.jpeg?fit=900%2C1200&ssl=1&resize=525%2C300 1.5x, https:\/\/i0.wp.com\/poljoprivrednica.hr\/wp-content\/uploads\/2024\/06\/28773985-7c8c-4073-80d0-adc4b87ab0df-scaled.jpeg?fit=900%2C1200&ssl=1&resize=700%2C400 2x"},"classes":[]},{"id":645,"url":"https:\/\/poljoprivrednica.hr\/?p=645","url_meta":{"origin":560,"position":1},"title":"Rural Caf\u00e9 \u2615\ufe0f","author":"admin","date":"12 velja\u010de, 2025","format":false,"excerpt":"Rural Caf\u00e9 \u2615\ufe0f Zanima te poljoprivreda ili si ve\u0107 poljoprivrednik i htio bi saznati vi\u0161e o mogu\u0107nostima dodatne zarade koje ti nudi (S)OPG? \u27a1\ufe0f Rezerviraj subotu ujutro 22.2.2025. i uz \u0161alicu kave saznaj sve o dodatnim mogu\u0107nostima zarade i financijski odr\u017eivom \u017eivotu na selu. \u0160to \u0107e\u0161 saznati? \u27a1\ufe0f \u0161to je\u2026","rel":"","context":"U &quot;Rural Caf\u00e9 \u2615\ufe0f&quot;","block_context":{"text":"Rural Caf\u00e9 \u2615\ufe0f","link":"https:\/\/poljoprivrednica.hr\/?cat=42"},"img":{"alt_text":"","src":"https:\/\/i0.wp.com\/poljoprivrednica.hr\/wp-content\/uploads\/2025\/02\/IMG_8371-scaled.jpeg?fit=648%2C1200&ssl=1&resize=350%2C200","width":350,"height":200,"srcset":"https:\/\/i0.wp.com\/poljoprivrednica.hr\/wp-content\/uploads\/2025\/02\/IMG_8371-scaled.jpeg?fit=648%2C1200&ssl=1&resize=350%2C200 1x, https:\/\/i0.wp.com\/poljoprivrednica.hr\/wp-content\/uploads\/2025\/02\/IMG_8371-scaled.jpeg?fit=648%2C1200&ssl=1&resize=525%2C300 1.5x"},"classes":[]},{"id":434,"url":"https:\/\/poljoprivrednica.hr\/?p=434","url_meta":{"origin":560,"position":2},"title":"Psiholo\u0161ki aspekt &#8211; sam svoj gazda uz pomo\u0107 EU fondova &#8211; predava\u010d &#8211; Ljubica Uvodi\u0107 Vrani\u0107, prof. psihologije","author":"admin","date":"4 svibnja, 2024","format":false,"excerpt":"Pozivam sve zainteresirane na predavanje o psiholo\u0161kom aspektu kako biti sam svoj gazda pod nazivom \"USUDI SE\" u suradnji sa Ljubicom Uvodi\u0107 Vrani\u0107, prof. psihologije koja ima preko 50 godina profesionalnog isustva u psihologiji te koja je 20.02.2024. godine napunila dvoranu u Zagrebu \"Vatroslav Lisinski\" https:\/\/www.tportal.hr\/showtime\/clanak\/ljubica-uvodic-vranic-odusevila-predavanjem-o-ljubavi-u-lisinskom-foto-20240221 Za\u0161to vam dovodim vrsnu\u2026","rel":"","context":"U &quot;Psiholo\u0161ki aspekt EU fondova&quot;","block_context":{"text":"Psiholo\u0161ki aspekt EU fondova","link":"https:\/\/poljoprivrednica.hr\/?cat=29"},"img":{"alt_text":"","src":"https:\/\/i0.wp.com\/poljoprivrednica.hr\/wp-content\/uploads\/2024\/05\/unnamed-10.jpg?fit=548%2C1200&ssl=1&resize=350%2C200","width":350,"height":200,"srcset":"https:\/\/i0.wp.com\/poljoprivrednica.hr\/wp-content\/uploads\/2024\/05\/unnamed-10.jpg?fit=548%2C1200&ssl=1&resize=350%2C200 1x, https:\/\/i0.wp.com\/poljoprivrednica.hr\/wp-content\/uploads\/2024\/05\/unnamed-10.jpg?fit=548%2C1200&ssl=1&resize=525%2C300 1.5x"},"classes":[]},{"id":347,"url":"https:\/\/poljoprivrednica.hr\/?p=347","url_meta":{"origin":560,"position":3},"title":"&#8220;Pripreme za EU fondove&#8221;","author":"admin","date":"17 o\u017eujka, 2024","format":false,"excerpt":"\u0160to o\u010dekivati od mojih priprema za EU fondove? - informiranje o svim detaljima aktualnih natje\u010daja i natje\u010dajima za bespovratna sredstva u najavi - savjetovanje u pisanom obliku za pripremu prijave na \u017eeljeni EU natje\u010daj - dovoljno vremena za raspravu i odgovaranje na sva va\u0161a pitanja - umre\u017eavanje sa drugim poduzetnicima\u2026","rel":"","context":"U &quot;Pripreme EU fondovi&quot;","block_context":{"text":"Pripreme EU fondovi","link":"https:\/\/poljoprivrednica.hr\/?cat=18"},"img":{"alt_text":"","src":"https:\/\/i0.wp.com\/poljoprivrednica.hr\/wp-content\/uploads\/2024\/03\/IMG_4937.jpg?fit=1125%2C689&ssl=1&resize=350%2C200","width":350,"height":200,"srcset":"https:\/\/i0.wp.com\/poljoprivrednica.hr\/wp-content\/uploads\/2024\/03\/IMG_4937.jpg?fit=1125%2C689&ssl=1&resize=350%2C200 1x, https:\/\/i0.wp.com\/poljoprivrednica.hr\/wp-content\/uploads\/2024\/03\/IMG_4937.jpg?fit=1125%2C689&ssl=1&resize=525%2C300 1.5x, https:\/\/i0.wp.com\/poljoprivrednica.hr\/wp-content\/uploads\/2024\/03\/IMG_4937.jpg?fit=1125%2C689&ssl=1&resize=700%2C400 2x, https:\/\/i0.wp.com\/poljoprivrednica.hr\/wp-content\/uploads\/2024\/03\/IMG_4937.jpg?fit=1125%2C689&ssl=1&resize=1050%2C600 3x"},"classes":[]},{"id":21,"url":"https:\/\/poljoprivrednica.hr\/?p=21","url_meta":{"origin":560,"position":4},"title":"Pripreme za EU fondove","author":"admin","date":"22 listopada, 2023","format":false,"excerpt":"\u0160to o\u010dekivati od mojih priprema za EU fondove? - informiranje o svim detaljima aktualnih natje\u010daja i natje\u010dajima za bespovratna sredstva u najavi - savjetovanje u pisanom obliku za pripremu prijave na \u017eeljeni EU natje\u010daj - dovoljno vremena za raspravu i odgovaranje na sva va\u0161a pitanja - umre\u017eavanje sa drugim poduzetnicima\u2026","rel":"","context":"U &quot;Pripreme EU fondovi&quot;","block_context":{"text":"Pripreme EU fondovi","link":"https:\/\/poljoprivrednica.hr\/?cat=18"},"img":{"alt_text":"","src":"https:\/\/i0.wp.com\/poljoprivrednica.hr\/wp-content\/uploads\/2023\/10\/cropped-88e54e07-aadd-4916-9cca-9e1537e08214.jpg?fit=512%2C512&ssl=1&resize=350%2C200","width":350,"height":200},"classes":[]},{"id":552,"url":"https:\/\/poljoprivrednica.hr\/?p=552","url_meta":{"origin":560,"position":5},"title":"Novi natje\u010daj za poljoprivrednike &#8211; 10.000 EUR","author":"admin","date":"10 rujna, 2024","format":false,"excerpt":"Ministarstvo poljoprivrede raspisalo je Natje\u010daj za financiranje projekata u 2024. godini prema programu za financiranje projekata lokalne infrastrukture i ruralnog razvoja na podru\u010djima naseljenim pripadnicima nacionalnih manjina, po drugi put ove godine. Prijave se podnose od 11.9.2024. godine, a krajnji rok za prijavu na Natje\u010daj je 4.10.2024. godine. \u00a0 Iznos\u2026","rel":"","context":"U &quot;Natje\u010daj za podru\u010dja naseljena nacionalnim manjinama&quot;","block_context":{"text":"Natje\u010daj za podru\u010dja naseljena nacionalnim manjinama","link":"https:\/\/poljoprivrednica.hr\/?cat=30"},"img":{"alt_text":"","src":"https:\/\/i0.wp.com\/poljoprivrednica.hr\/wp-content\/uploads\/2024\/09\/IMG_7243-scaled.jpeg?fit=1200%2C900&ssl=1&resize=350%2C200","width":350,"height":200,"srcset":"https:\/\/i0.wp.com\/poljoprivrednica.hr\/wp-content\/uploads\/2024\/09\/IMG_7243-scaled.jpeg?fit=1200%2C900&ssl=1&resize=350%2C200 1x, https:\/\/i0.wp.com\/poljoprivrednica.hr\/wp-content\/uploads\/2024\/09\/IMG_7243-scaled.jpeg?fit=1200%2C900&ssl=1&resize=525%2C300 1.5x, https:\/\/i0.wp.com\/poljoprivrednica.hr\/wp-content\/uploads\/2024\/09\/IMG_7243-scaled.jpeg?fit=1200%2C900&ssl=1&resize=700%2C400 2x, https:\/\/i0.wp.com\/poljoprivrednica.hr\/wp-content\/uploads\/2024\/09\/IMG_7243-scaled.jpeg?fit=1200%2C900&ssl=1&resize=1050%2C600 3x"},"classes":[]}],"_links":{"self":[{"href":"https:\/\/poljoprivrednica.hr\/index.php?rest_route=\/wp\/v2\/posts\/560","targetHints":{"allow":["GET"]}}],"collection":[{"href":"https:\/\/poljoprivrednica.hr\/index.php?rest_route=\/wp\/v2\/posts"}],"about":[{"href":"https:\/\/poljoprivrednica.hr\/index.php?rest_route=\/wp\/v2\/types\/post"}],"author":[{"embeddable":true,"href":"https:\/\/poljoprivrednica.hr\/index.php?rest_route=\/wp\/v2\/users\/1"}],"replies":[{"embeddable":true,"href":"https:\/\/poljoprivrednica.hr\/index.php?rest_route=%2Fwp%2Fv2%2Fcomments&post=560"}],"version-history":[{"count":2,"href":"https:\/\/poljoprivrednica.hr\/index.php?rest_route=\/wp\/v2\/posts\/560\/revisions"}],"predecessor-version":[{"id":563,"href":"https:\/\/poljoprivrednica.hr\/index.php?rest_route=\/wp\/v2\/posts\/560\/revisions\/563"}],"wp:featuredmedia":[{"embeddable":true,"href":"https:\/\/poljoprivrednica.hr\/index.php?rest_route=\/wp\/v2\/media\/566"}],"wp:attachment":[{"href":"https:\/\/poljoprivrednica.hr\/index.php?rest_route=%2Fwp%2Fv2%2Fmedia&parent=560"}],"wp:term":[{"taxonomy":"category","embeddable":true,"href":"https:\/\/poljoprivrednica.hr\/index.php?rest_route=%2Fwp%2Fv2%2Fcategories&post=560"},{"taxonomy":"post_tag","embeddable":true,"href":"https:\/\/poljoprivrednica.hr\/index.php?rest_route=%2Fwp%2Fv2%2Ftags&post=560"}],"curies":[{"name":"wp","href":"https:\/\/api.w.org\/{rel}","templated":true}]}}