{"id":434,"date":"2024-05-04T08:12:37","date_gmt":"2024-05-04T08:12:37","guid":{"rendered":"https:\/\/poljoprivrednica.hr\/?p=434"},"modified":"2024-05-04T09:30:41","modified_gmt":"2024-05-04T09:30:41","slug":"psiholoski-aspekt-sam-svoj-gazda-uz-pomoc-eu-fondova-predavac-ljubica-uvodic-vranic-prof-psihologije","status":"publish","type":"post","link":"https:\/\/poljoprivrednica.hr\/?p=434","title":{"rendered":"Psiholo\u0161ki aspekt &#8211; sam svoj gazda uz pomo\u0107 EU fondova &#8211; predava\u010d &#8211; Ljubica Uvodi\u0107 Vrani\u0107, prof. psihologije"},"content":{"rendered":"<p>Pozivam sve zainteresirane na predavanje o psiholo\u0161kom aspektu kako biti sam svoj gazda pod nazivom &#8220;USUDI SE&#8221; u suradnji sa Ljubicom Uvodi\u0107 Vrani\u0107, prof. psihologije koja ima preko 50 godina profesionalnog isustva u psihologiji te koja je 20.02.2024. godine napunila dvoranu u Zagrebu &#8220;Vatroslav Lisinski&#8221; <a href=\"https:\/\/www.tportal.hr\/showtime\/clanak\/ljubica-uvodic-vranic-odusevila-predavanjem-o-ljubavi-u-lisinskom-foto-20240221\">https:\/\/www.tportal.hr\/showtime\/clanak\/ljubica-uvodic-vranic-odusevila-predavanjem-o-ljubavi-u-lisinskom-foto-20240221<\/a><\/p>\n<p><strong>Za\u0161to vam dovodim vrsnu psihologicu i za\u0161to to predavanje smatram korisnim?<\/strong><\/p>\n<p>Sigurno je da bi svi voljeli dobiti bespovratna sredstva putem kojih mo\u017eemo kupiti traktore, pick-up vozila, vikendice s bazenom i sli\u010dno, ali da biste ih mogli dobiti morate za po\u010detak zadovoljiti prvi uvjet &#8211; BITI PODUZETNIK ILTI BITI SAM SVOJ GAZDA.<\/p>\n<p>Misao biti sam svoj gazda uvijek zvu\u010di primamljivo dok sjedimo kod \u0161efa i nismo zadovoljni sa poslom, mo\u017eda smo i zadovljni ali jednostavno \u017eelimo sami svoj biznis. Dokle god je biti sam svoj gazda samo misao ono je idealno, \u017eivi u na\u0161im glavama i mi mo\u017eemo ma\u0161tati \u0161to bi i kako bi, a bez rizika za posljedice provo\u0111enja te misli u stvarnosti.<\/p>\n<p>Gdje nastaje problem? &#8230;treba misao provesti u akciju u stvarnosti i od tuda se kre\u0107u vrtjeti negativne stvari po mislima &#8211; zar stvarno \u017eelim napusiti sigurnost redovite mjese\u010dne pla\u0107e?? Ukoliko to napravim, a ne uspijem&#8230;ho\u0107u li se mo\u0107i vratiti raditi za nekoga drugoga??<\/p>\n<p>Uglavnom puno je pitanja, ja znam odgovor na jedno pitanje &#8211; a to je da za dobiti EU fondove morate prvo biti sam svoj gazda. Rizik poduzetni\u0161tva morate sami snositi\u2026kako ja tako niti bilo koji drugi konzultant ne mo\u017ee takav rizik snositi za vas. Ja \u0107u vam to probati olak\u0161ati na na\u010din da vam iskusna psihologica da odgovor na va\u0161a pitanja, ponajvi\u0161e kako iza\u0107i na kraj sa strahom iza\u0107i iz sigurnog i stalnog okru\u017eenja &#8211; rada kod poslodavca.<\/p>\n<p>&nbsp;<\/p>\n<p>Linkovi na reference od uva\u017eene profesorice psihologije:<\/p>\n<p><a href=\"https:\/\/psihologinja.eu\/kontakt\/biografija\">https:\/\/psihologinja.eu\/kontakt\/biografija<\/a><\/p>\n<p><a href=\"https:\/\/www.youtube.com\/user\/1profesorica\">https:\/\/www.youtube.com\/user\/1profesorica<\/a><\/p>\n<p><a href=\"https:\/\/www.gloria.hr\/gl\/scena\/price\/ljubica-uvodic-vranic-djecu-sam-rano-naucila-da-se-bore-za-svoje-stavove-15426125\">https:\/\/www.gloria.hr\/gl\/scena\/price\/ljubica-uvodic-vranic-djecu-sam-rano-naucila-da-se-bore-za-svoje-stavove-15426125<\/a><\/p>\n<p>&nbsp;<\/p>\n<p><strong>Kada?<\/strong><\/p>\n<p>Prvi termin predavanja se odr\u017eava u subotu 11.5.2024. s po\u010detkon u 13.00 h u Slunju, Trg Zrinskih i Frankopana 23.<\/p>\n<p>&nbsp;<\/p>\n<p><strong>Kako nam se mo\u017eete pridru\u017eiti na predavanju?<\/strong><\/p>\n<p>Rezervacijom mjesta porukom na mob: 0953736088. Broj mjesta je ograni\u010den.<\/p>\n<p>&nbsp;<\/p>\n<p>Ka\u017ee se da su mali poduzetnici pokreta\u010di razvoja, a ja \u0107u probati pomo\u0107i na tome putu koliko mogu i tijekom predavanja davat \u0107u odgovore na pitanja s poreznog aspekta raznih organizacijskih oblika (d.o.o. ili obrt)&#8230;<\/p>\n<p>&nbsp;<\/p>\n<p>Vidimo se 11.5. u Slunju&#8230;<\/p>\n<p>&nbsp;<\/p>\n<p>LP<\/p>\n<p>Ivana Pavi\u0107, mag. oec.<\/p>\n<p>0953736088<\/p>\n<p>&nbsp;<\/p>\n","protected":false},"excerpt":{"rendered":"<p>Pozivam sve zainteresirane na predavanje o psiholo\u0161kom aspektu kako biti sam svoj gazda pod nazivom &#8220;USUDI SE&#8221; u suradnji sa Ljubicom Uvodi\u0107 Vrani\u0107, prof. psihologije koja ima preko 50 godina profesionalnog isustva u psihologiji te koja je 20.02.2024. godine napunila dvoranu u Zagrebu &#8220;Vatroslav Lisinski&#8221; https:\/\/www.tportal.hr\/showtime\/clanak\/ljubica-uvodic-vranic-odusevila-predavanjem-o-ljubavi-u-lisinskom-foto-20240221 Za\u0161to vam dovodim vrsnu psihologicu i za\u0161to to predavanje&#8230;<\/p>\n","protected":false},"author":1,"featured_media":436,"comment_status":"open","ping_status":"open","sticky":false,"template":"","format":"standard","meta":{"jetpack_post_was_ever_published":false,"_jetpack_newsletter_access":"","_jetpack_newsletter_tier_id":0,"footnotes":""},"categories":[29],"tags":[],"class_list":["post-434","post","type-post","status-publish","format-standard","has-post-thumbnail","hentry","category-psiholoski-aspekt-eu-fondova"],"jetpack_sharing_enabled":true,"jetpack_featured_media_url":"https:\/\/i0.wp.com\/poljoprivrednica.hr\/wp-content\/uploads\/2024\/05\/unnamed-10.jpg?fit=730%2C1600&ssl=1","jetpack-related-posts":[{"id":529,"url":"https:\/\/poljoprivrednica.hr\/?p=529","url_meta":{"origin":434,"position":0},"title":"Inicijalne rang liste za 73.12 &#8211; Potpora malim poljoprivrednicima","author":"admin","date":"9 kolovoza, 2024","format":false,"excerpt":"Inicijalne rang liste za 73.12 - Potpora malim poljoprivrednicima dostupne na linkovima: \u00a0 Inicijalna rang lista za intervenciju 73.12 Potpora malim poljoprivrednicima Inicijalna rang lista za intervenciju 73.12 Potpora malim poljoprivrednicima \u2013 ekolo\u0161ki Svi koju su htjeli pisati\/su pisali projekt kod mene, informirala sam ih o svome semaforu koji je\u2026","rel":"","context":"U &quot;73.12. Potpora malim poljoprivrednicima&quot;","block_context":{"text":"73.12. Potpora malim poljoprivrednicima","link":"https:\/\/poljoprivrednica.hr\/?cat=19"},"img":{"alt_text":"","src":"https:\/\/i0.wp.com\/poljoprivrednica.hr\/wp-content\/uploads\/2024\/08\/unnamed-28.jpg?fit=1071%2C1200&ssl=1&resize=350%2C200","width":350,"height":200,"srcset":"https:\/\/i0.wp.com\/poljoprivrednica.hr\/wp-content\/uploads\/2024\/08\/unnamed-28.jpg?fit=1071%2C1200&ssl=1&resize=350%2C200 1x, https:\/\/i0.wp.com\/poljoprivrednica.hr\/wp-content\/uploads\/2024\/08\/unnamed-28.jpg?fit=1071%2C1200&ssl=1&resize=525%2C300 1.5x, https:\/\/i0.wp.com\/poljoprivrednica.hr\/wp-content\/uploads\/2024\/08\/unnamed-28.jpg?fit=1071%2C1200&ssl=1&resize=700%2C400 2x, https:\/\/i0.wp.com\/poljoprivrednica.hr\/wp-content\/uploads\/2024\/08\/unnamed-28.jpg?fit=1071%2C1200&ssl=1&resize=1050%2C600 3x"},"classes":[]},{"id":509,"url":"https:\/\/poljoprivrednica.hr\/?p=509","url_meta":{"origin":434,"position":1},"title":"\ud83d\udce3\ud83d\udce3\ud83d\udce3Otvorili smo Centar za EU fondove i edukacije Rastoke \ud83d\udce3\ud83d\udce3\ud83d\udce3","author":"admin","date":"25 lipnja, 2024","format":false,"excerpt":"Ve\u0107ina poduzetnika ima ured \u010dim krene raditi, ali ja uvijek nekako naopako npr. imam konje, a jo\u0161 ne znam jahati\u2026valjda je to tako kada sam gradi\u0161 sve od temelje \ud83e\udd17 Nastavno na moj uspje\u0161an rad sa povla\u010denjem europskog novca napokon sam do\u0161la do faze da imam ured za savjetovanja kako\u2026","rel":"","context":"U &quot;Sve\u010dano otvorenje&quot;","block_context":{"text":"Sve\u010dano otvorenje","link":"https:\/\/poljoprivrednica.hr\/?cat=33"},"img":{"alt_text":"","src":"https:\/\/i0.wp.com\/poljoprivrednica.hr\/wp-content\/uploads\/2024\/06\/28773985-7c8c-4073-80d0-adc4b87ab0df-scaled.jpeg?fit=900%2C1200&ssl=1&resize=350%2C200","width":350,"height":200,"srcset":"https:\/\/i0.wp.com\/poljoprivrednica.hr\/wp-content\/uploads\/2024\/06\/28773985-7c8c-4073-80d0-adc4b87ab0df-scaled.jpeg?fit=900%2C1200&ssl=1&resize=350%2C200 1x, https:\/\/i0.wp.com\/poljoprivrednica.hr\/wp-content\/uploads\/2024\/06\/28773985-7c8c-4073-80d0-adc4b87ab0df-scaled.jpeg?fit=900%2C1200&ssl=1&resize=525%2C300 1.5x, https:\/\/i0.wp.com\/poljoprivrednica.hr\/wp-content\/uploads\/2024\/06\/28773985-7c8c-4073-80d0-adc4b87ab0df-scaled.jpeg?fit=900%2C1200&ssl=1&resize=700%2C400 2x"},"classes":[]},{"id":560,"url":"https:\/\/poljoprivrednica.hr\/?p=560","url_meta":{"origin":434,"position":2},"title":"Radionica &#8211; Centar za poslijediplomske studije, Sveu\u010dili\u0161ni interdisciplinarni specijalisti\u010dki studij \u201ePriprema i provedba EU projekata\u201c","author":"admin","date":"27 rujna, 2024","format":false,"excerpt":"Zanima te svijet EU fondova i gdje sam se ja obrazovala da bi postala stru\u010dnjak za pripremu i provedbu EU projekata? Ima\u0161 odli\u010dnu priliku za saznati sve \u0161to te zanima i to ve\u0107 u ponedjeljak 30.9.2024. s po\u010detkom u 13.00h jer Centar za poslijediplomske studije, Sveu\u010dili\u0161ni interdisciplinarni specijalisti\u010dki studij \u201ePriprema\u2026","rel":"","context":"U &quot;Radionica - Sveu\u010dili\u0161te u Zagrebu&quot;","block_context":{"text":"Radionica - Sveu\u010dili\u0161te u Zagrebu","link":"https:\/\/poljoprivrednica.hr\/?cat=35"},"img":{"alt_text":"","src":"https:\/\/i0.wp.com\/poljoprivrednica.hr\/wp-content\/uploads\/2024\/09\/4949956d-3479-43cb-bd03-5dc9e349140a.jpeg?fit=1200%2C900&ssl=1&resize=350%2C200","width":350,"height":200,"srcset":"https:\/\/i0.wp.com\/poljoprivrednica.hr\/wp-content\/uploads\/2024\/09\/4949956d-3479-43cb-bd03-5dc9e349140a.jpeg?fit=1200%2C900&ssl=1&resize=350%2C200 1x, https:\/\/i0.wp.com\/poljoprivrednica.hr\/wp-content\/uploads\/2024\/09\/4949956d-3479-43cb-bd03-5dc9e349140a.jpeg?fit=1200%2C900&ssl=1&resize=525%2C300 1.5x, https:\/\/i0.wp.com\/poljoprivrednica.hr\/wp-content\/uploads\/2024\/09\/4949956d-3479-43cb-bd03-5dc9e349140a.jpeg?fit=1200%2C900&ssl=1&resize=700%2C400 2x, https:\/\/i0.wp.com\/poljoprivrednica.hr\/wp-content\/uploads\/2024\/09\/4949956d-3479-43cb-bd03-5dc9e349140a.jpeg?fit=1200%2C900&ssl=1&resize=1050%2C600 3x"},"classes":[]},{"id":605,"url":"https:\/\/poljoprivrednica.hr\/?p=605","url_meta":{"origin":434,"position":3},"title":"10. Europski kongres mladih poljoprivrednika u Bruxellesu","author":"admin","date":"14 prosinca, 2024","format":false,"excerpt":"Imala sam \u010dast sudjelovati na 10. Europskom kongresu mladih poljoprivrednikaImala sam \u010dast sudjelovati na 10. Europskom kongresu mladih poljoprivrednika koji se odr\u017eao u srijedu, 11.12.2024 u Bruxellesu i to kao dio, prema njihovim rije\u010dima, \u201chrvatske reprezentacije mladih poljoprivrednika\u201d. Kongres je okupio politi\u010dare, stru\u010dnjake te mlade poljoprivrednike iz cijele Europe kako\u2026","rel":"","context":"U &quot;10. Europski kongres mladih poljoprivrednika u Bruxellesu&quot;","block_context":{"text":"10. Europski kongres mladih poljoprivrednika u Bruxellesu","link":"https:\/\/poljoprivrednica.hr\/?cat=39"},"img":{"alt_text":"","src":"https:\/\/i0.wp.com\/poljoprivrednica.hr\/wp-content\/uploads\/2024\/12\/unnamed-61-scaled.jpg?fit=1200%2C900&ssl=1&resize=350%2C200","width":350,"height":200,"srcset":"https:\/\/i0.wp.com\/poljoprivrednica.hr\/wp-content\/uploads\/2024\/12\/unnamed-61-scaled.jpg?fit=1200%2C900&ssl=1&resize=350%2C200 1x, https:\/\/i0.wp.com\/poljoprivrednica.hr\/wp-content\/uploads\/2024\/12\/unnamed-61-scaled.jpg?fit=1200%2C900&ssl=1&resize=525%2C300 1.5x, https:\/\/i0.wp.com\/poljoprivrednica.hr\/wp-content\/uploads\/2024\/12\/unnamed-61-scaled.jpg?fit=1200%2C900&ssl=1&resize=700%2C400 2x, https:\/\/i0.wp.com\/poljoprivrednica.hr\/wp-content\/uploads\/2024\/12\/unnamed-61-scaled.jpg?fit=1200%2C900&ssl=1&resize=1050%2C600 3x"},"classes":[]},{"id":638,"url":"https:\/\/poljoprivrednica.hr\/?p=638","url_meta":{"origin":434,"position":4},"title":"Novi intervju samnom za publikaciju IRMO aktualno &#8211; \u201cMLADI ENTUZIJASTI POKRE\u0106U LOKALNI RAZVOJ U HRVATSKOJ\u201d","author":"admin","date":"4 velja\u010de, 2025","format":false,"excerpt":"Dragi svi, kao krunu svoga dugogodi\u0161njeg rada kao konzultanta za EU fondove imala sam veliku \u010dast biti intervjuirana za publikaciju \u201cIRMO aktualno\u201d, nakladnik: Institut za razvoj i me\u0111unarodne odnose, od strane dr. sc. Sanje Malekovi\u0107 pod naslovom \u201cMLADI ENTUZIJASTI POKRE\u0106U LOKALNI RAZVOJ U HRVATSKOJ\u201d \u2757\ufe0f\u2757\ufe0f\u2757\ufe0fDonosim vam kratke isje\u010dke iz intervjua:\u2026","rel":"","context":"U &quot;IRMO aktualno&quot;","block_context":{"text":"IRMO aktualno","link":"https:\/\/poljoprivrednica.hr\/?cat=41"},"img":{"alt_text":"","src":"https:\/\/i0.wp.com\/poljoprivrednica.hr\/wp-content\/uploads\/2025\/02\/IMG_1633-scaled.jpeg?fit=1200%2C1200&ssl=1&resize=350%2C200","width":350,"height":200,"srcset":"https:\/\/i0.wp.com\/poljoprivrednica.hr\/wp-content\/uploads\/2025\/02\/IMG_1633-scaled.jpeg?fit=1200%2C1200&ssl=1&resize=350%2C200 1x, https:\/\/i0.wp.com\/poljoprivrednica.hr\/wp-content\/uploads\/2025\/02\/IMG_1633-scaled.jpeg?fit=1200%2C1200&ssl=1&resize=525%2C300 1.5x, https:\/\/i0.wp.com\/poljoprivrednica.hr\/wp-content\/uploads\/2025\/02\/IMG_1633-scaled.jpeg?fit=1200%2C1200&ssl=1&resize=700%2C400 2x, https:\/\/i0.wp.com\/poljoprivrednica.hr\/wp-content\/uploads\/2025\/02\/IMG_1633-scaled.jpeg?fit=1200%2C1200&ssl=1&resize=1050%2C600 3x"},"classes":[]},{"id":645,"url":"https:\/\/poljoprivrednica.hr\/?p=645","url_meta":{"origin":434,"position":5},"title":"Rural Caf\u00e9 \u2615\ufe0f","author":"admin","date":"12 velja\u010de, 2025","format":false,"excerpt":"Rural Caf\u00e9 \u2615\ufe0f Zanima te poljoprivreda ili si ve\u0107 poljoprivrednik i htio bi saznati vi\u0161e o mogu\u0107nostima dodatne zarade koje ti nudi (S)OPG? \u27a1\ufe0f Rezerviraj subotu ujutro 22.2.2025. i uz \u0161alicu kave saznaj sve o dodatnim mogu\u0107nostima zarade i financijski odr\u017eivom \u017eivotu na selu. \u0160to \u0107e\u0161 saznati? \u27a1\ufe0f \u0161to je\u2026","rel":"","context":"U &quot;Rural Caf\u00e9 \u2615\ufe0f&quot;","block_context":{"text":"Rural Caf\u00e9 \u2615\ufe0f","link":"https:\/\/poljoprivrednica.hr\/?cat=42"},"img":{"alt_text":"","src":"https:\/\/i0.wp.com\/poljoprivrednica.hr\/wp-content\/uploads\/2025\/02\/IMG_8371-scaled.jpeg?fit=648%2C1200&ssl=1&resize=350%2C200","width":350,"height":200,"srcset":"https:\/\/i0.wp.com\/poljoprivrednica.hr\/wp-content\/uploads\/2025\/02\/IMG_8371-scaled.jpeg?fit=648%2C1200&ssl=1&resize=350%2C200 1x, https:\/\/i0.wp.com\/poljoprivrednica.hr\/wp-content\/uploads\/2025\/02\/IMG_8371-scaled.jpeg?fit=648%2C1200&ssl=1&resize=525%2C300 1.5x"},"classes":[]}],"_links":{"self":[{"href":"https:\/\/poljoprivrednica.hr\/index.php?rest_route=\/wp\/v2\/posts\/434","targetHints":{"allow":["GET"]}}],"collection":[{"href":"https:\/\/poljoprivrednica.hr\/index.php?rest_route=\/wp\/v2\/posts"}],"about":[{"href":"https:\/\/poljoprivrednica.hr\/index.php?rest_route=\/wp\/v2\/types\/post"}],"author":[{"embeddable":true,"href":"https:\/\/poljoprivrednica.hr\/index.php?rest_route=\/wp\/v2\/users\/1"}],"replies":[{"embeddable":true,"href":"https:\/\/poljoprivrednica.hr\/index.php?rest_route=%2Fwp%2Fv2%2Fcomments&post=434"}],"version-history":[{"count":9,"href":"https:\/\/poljoprivrednica.hr\/index.php?rest_route=\/wp\/v2\/posts\/434\/revisions"}],"predecessor-version":[{"id":455,"href":"https:\/\/poljoprivrednica.hr\/index.php?rest_route=\/wp\/v2\/posts\/434\/revisions\/455"}],"wp:featuredmedia":[{"embeddable":true,"href":"https:\/\/poljoprivrednica.hr\/index.php?rest_route=\/wp\/v2\/media\/436"}],"wp:attachment":[{"href":"https:\/\/poljoprivrednica.hr\/index.php?rest_route=%2Fwp%2Fv2%2Fmedia&parent=434"}],"wp:term":[{"taxonomy":"category","embeddable":true,"href":"https:\/\/poljoprivrednica.hr\/index.php?rest_route=%2Fwp%2Fv2%2Fcategories&post=434"},{"taxonomy":"post_tag","embeddable":true,"href":"https:\/\/poljoprivrednica.hr\/index.php?rest_route=%2Fwp%2Fv2%2Ftags&post=434"}],"curies":[{"name":"wp","href":"https:\/\/api.w.org\/{rel}","templated":true}]}}